{"id":4365,"date":"2026-01-30T11:58:31","date_gmt":"2026-01-30T08:58:31","guid":{"rendered":"https:\/\/wir-kaufen-dein-auto-schweiz.ch\/?p=4365"},"modified":"2026-01-31T12:18:46","modified_gmt":"2026-01-31T09:18:46","slug":"das-revival-der-ikone-renault-5","status":"publish","type":"post","link":"https:\/\/wir-kaufen-dein-auto-schweiz.ch\/fr\/blog\/2026\/01\/30\/das-revival-der-ikone-renault-5\/","title":{"rendered":"Le retour de l\u2019embl\u00e9matique Renault 5"},"content":{"rendered":"<div style=\"height:50px\" aria-hidden=\"true\" class=\"wp-block-spacer\"><\/div>\n\n\n\n<h1 class=\"wp-block-heading\">Le retour de l\u2019embl\u00e9matique Renault 5<\/h1>\n\n\n\n<h2 class=\"wp-block-heading\"><strong>La Renault 5 E-Tech \u2013 une classique moderne au c\u0153ur \u00e9lectrique<\/strong><\/h2>\n\n\n\n<p>Le retour d'une l\u00e9gende : avec la Renault 5 E-Tech, le constructeur fran\u00e7ais r\u00e9ussit un coup de ma\u00eetre en mati\u00e8re de design \u00e9motionnel et d'\u00e9lectrification strat\u00e9gique. Plus qu'une simple voiture r\u00e9tro, elle incarne une mobilit\u00e9 urbaine accessible, charmante et durable.<\/p>\n\n\n\n<div class=\"wp-block-columns is-layout-flex wp-container-core-columns-is-layout-28f84493 wp-block-columns-is-layout-flex\">\n<div class=\"wp-block-column is-layout-flow wp-block-column-is-layout-flow\">\n<figure class=\"wp-block-image size-full\"><a href=\"https:\/\/wir-kaufen-dein-auto-schweiz.ch\/wp-content\/\/uploads\/2026\/01\/RENAULT-5-e-tech-electric-1024x651-1.jpg\"><img fetchpriority=\"high\" decoding=\"async\" width=\"1024\" height=\"651\" src=\"https:\/\/wir-kaufen-dein-auto-schweiz.ch\/wp-content\/\/uploads\/2026\/01\/RENAULT-5-e-tech-electric-1024x651-1.jpg\" alt=\"RENAULT 5-e-tech electric\" class=\"wp-image-4406\" srcset=\"https:\/\/wir-kaufen-dein-auto-schweiz.ch\/wp-content\/\/uploads\/2026\/01\/RENAULT-5-e-tech-electric-1024x651-1.jpg 1024w, https:\/\/wir-kaufen-dein-auto-schweiz.ch\/wp-content\/\/uploads\/2026\/01\/RENAULT-5-e-tech-electric-1024x651-1-300x191.jpg 300w, https:\/\/wir-kaufen-dein-auto-schweiz.ch\/wp-content\/\/uploads\/2026\/01\/RENAULT-5-e-tech-electric-1024x651-1-768x488.jpg 768w, https:\/\/wir-kaufen-dein-auto-schweiz.ch\/wp-content\/\/uploads\/2026\/01\/RENAULT-5-e-tech-electric-1024x651-1-18x12.jpg 18w\" sizes=\"(max-width: 1024px) 100vw, 1024px\" \/><\/a><\/figure>\n<\/div>\n\n\n\n<div class=\"wp-block-column is-layout-flow wp-block-column-is-layout-flow\">\n<figure class=\"wp-block-image aligncenter size-full is-resized\"><a href=\"https:\/\/renault.ch\/\" target=\"_blank\" rel=\" noreferrer noopener\"><img decoding=\"async\" width=\"400\" height=\"400\" src=\"https:\/\/wir-kaufen-dein-auto-schweiz.ch\/wp-content\/\/uploads\/2025\/01\/Logo-Renault-400x400-1.gif\" alt=\"Logo Renault\" class=\"wp-image-3650\" style=\"width:198px;height:auto\"\/><\/a><\/figure>\n<\/div>\n<\/div>\n\n\n\n<h3 class=\"wp-block-heading\"><strong>Design : le charme r\u00e9tro rencontre l\u2019avenir<\/strong><\/h3>\n\n\n\n<p>Au premier coup d'\u0153il, l'hommage rendu au mod\u00e8le culte des ann\u00e9es 70 et 80 est ind\u00e9niable : la silhouette embl\u00e9matique, les doubles phares ronds (qui sont d\u00e9sormais des feux de jour \u00e0 LED) et le lettrage \u00ab5\u00bb caract\u00e9ristique sur le hayon. Mais le design n'est en aucun cas copi\u00e9, il est r\u00e9interpr\u00e9t\u00e9 de mani\u00e8re intelligente et moderne. Avec des surfaces \u00e9pur\u00e9es, des feux LED pixelis\u00e9s, des pare-chocs de couleur contrast\u00e9e et des d\u00e9tails innovants tels que le capot qui int\u00e8gre \u00e9galement le \u00abpare-chocs\u00bb, Renault r\u00e9ussit \u00e0 cr\u00e9er un pont parfait entre nostalgie et voiture \u00e9lectrique ultramoderne.<\/p>\n\n\n\n<h3 class=\"wp-block-heading\"><strong><strong>Propulsion et technologie : efficaces et intelligentes<\/strong><\/strong><\/h3>\n\n\n\n<p>Sous la jolie carrosserie se cache la derni\u00e8re g\u00e9n\u00e9ration de la plateforme Renault E-Tech pour v\u00e9hicules \u00e9lectriques :<\/p>\n\n\n\n<p class=\"translation-block\"><strong>Recharge :<\/strong> la 5 E-Tech prend en charge la recharge rapide en courant continu (CC) jusqu'\u00e0 80 ou 100 kW, ce qui permet de recharger consid\u00e9rablement la batterie en peu de temps.<\/p>\n\n\n\n<p class=\"translation-block\"><strong>Moteurs et autonomie :<\/strong> deux moteurs \u00e9lectriques de 95 ou 120 ch sont disponibles. La capacit\u00e9 des batteries varie entre 40 kWh et 52 kWh, ce qui devrait permettre une autonomie r\u00e9aliste d'environ 300 \u00e0 400 km (WLTP) \u2013 parfaite pour la circulation urbaine et quotidienne.<\/p>\n\n\n\n<p class=\"translation-block\"><strong>Innovations :<\/strong> le v\u00e9hicule utilise de nouveaux modules de batterie nickel-mangan\u00e8se-cobalt (NMC) compacts et plus puissants. Une v\u00e9ritable particularit\u00e9 est la direction \u00abrectangulaire  brevet\u00e9e\u00bb (Steering-by-Wire), qui fonctionne sans connexion m\u00e9canique entre le volant et les roues. Cela permet de gagner de la place, d'augmenter la maniabilit\u00e9 et d'offrir de nouvelles possibilit\u00e9s pour l'int\u00e9rieur.<\/p>\n\n\n\n<div class=\"wp-block-columns is-layout-flex wp-container-core-columns-is-layout-28f84493 wp-block-columns-is-layout-flex\">\n<div class=\"wp-block-column is-layout-flow wp-block-column-is-layout-flow\">\n<figure class=\"wp-block-image size-full\"><img decoding=\"async\" width=\"1024\" height=\"1024\" src=\"https:\/\/wir-kaufen-dein-auto-schweiz.ch\/wp-content\/\/uploads\/2026\/01\/RENAULT-5-Electric-Detail-2025-IMG_1928-quadrat.jpg\" alt=\"RENAULT 5 e-tech electric Detail\" class=\"wp-image-4413\" srcset=\"https:\/\/wir-kaufen-dein-auto-schweiz.ch\/wp-content\/\/uploads\/2026\/01\/RENAULT-5-Electric-Detail-2025-IMG_1928-quadrat.jpg 1024w, https:\/\/wir-kaufen-dein-auto-schweiz.ch\/wp-content\/\/uploads\/2026\/01\/RENAULT-5-Electric-Detail-2025-IMG_1928-quadrat-300x300.jpg 300w, https:\/\/wir-kaufen-dein-auto-schweiz.ch\/wp-content\/\/uploads\/2026\/01\/RENAULT-5-Electric-Detail-2025-IMG_1928-quadrat-150x150.jpg 150w, https:\/\/wir-kaufen-dein-auto-schweiz.ch\/wp-content\/\/uploads\/2026\/01\/RENAULT-5-Electric-Detail-2025-IMG_1928-quadrat-768x768.jpg 768w, https:\/\/wir-kaufen-dein-auto-schweiz.ch\/wp-content\/\/uploads\/2026\/01\/RENAULT-5-Electric-Detail-2025-IMG_1928-quadrat-12x12.jpg 12w\" sizes=\"(max-width: 1024px) 100vw, 1024px\" \/><\/figure>\n<\/div>\n\n\n\n<div class=\"wp-block-column is-layout-flow wp-block-column-is-layout-flow\">\n<figure class=\"wp-block-image size-full\"><img loading=\"lazy\" decoding=\"async\" width=\"1024\" height=\"1024\" src=\"https:\/\/wir-kaufen-dein-auto-schweiz.ch\/wp-content\/\/uploads\/2026\/01\/Renault-R5-oldtimer-quadrat.jpg\" alt=\"Renault R5 oldtimer\" class=\"wp-image-4414\" srcset=\"https:\/\/wir-kaufen-dein-auto-schweiz.ch\/wp-content\/\/uploads\/2026\/01\/Renault-R5-oldtimer-quadrat.jpg 1024w, https:\/\/wir-kaufen-dein-auto-schweiz.ch\/wp-content\/\/uploads\/2026\/01\/Renault-R5-oldtimer-quadrat-300x300.jpg 300w, https:\/\/wir-kaufen-dein-auto-schweiz.ch\/wp-content\/\/uploads\/2026\/01\/Renault-R5-oldtimer-quadrat-150x150.jpg 150w, https:\/\/wir-kaufen-dein-auto-schweiz.ch\/wp-content\/\/uploads\/2026\/01\/Renault-R5-oldtimer-quadrat-768x768.jpg 768w, https:\/\/wir-kaufen-dein-auto-schweiz.ch\/wp-content\/\/uploads\/2026\/01\/Renault-R5-oldtimer-quadrat-12x12.jpg 12w\" sizes=\"(max-width: 1024px) 100vw, 1024px\" \/><\/figure>\n<\/div>\n<\/div>\n\n\n\n<h3 class=\"wp-block-heading\"><strong><strong>Int\u00e9rieur et connectivit\u00e9 : ludique et num\u00e9rique<\/strong><\/strong><\/h3>\n\n\n\n<p>Le concept novateur se poursuit \u00e0 l'int\u00e9rieur. Un cockpit num\u00e9rique minimaliste avec un grand affichage t\u00eate haute et un \u00e9cran multim\u00e9dia central domine l'aspect moderne. Des \u00e9l\u00e9ments r\u00e9tro charmants, tels que les rev\u00eatements de si\u00e8ges en tissu aspect jean ou l'indicateur de charge \u00ab\u00e0 barres\u00bb typique affich\u00e9 num\u00e9riquement dans le style de la R5 originale, cr\u00e9ent une atmosph\u00e8re chaleureuse et \u00e9motionnelle.<\/p>\n\n\n\n<p class=\"translation-block\">L'avatar personnel \u00abReno\u00bb sert de copilote virtuel. Il s'agit d'un assistant vocal qui, gr\u00e2ce \u00e0 une intelligence artificielle \u00e9motionnelle, rend l'interaction avec le v\u00e9hicule plus intuitive et plus personnelle.<\/p>\n\n\n\n<h3 class=\"wp-block-heading\"><strong>La voiture \u00e9lectrique pour tous<\/strong><\/h3>\n\n\n\n<p class=\"translation-block\">La Renault 5 E-Tech b\u00e9n\u00e9ficie d'un positionnement strat\u00e9gique clair : elle se veut une entr\u00e9e de gamme accessible, sympathique et \u00e9l\u00e9gante dans la mobilit\u00e9 100 % \u00e9lectrique pour le grand public. Successeur moderne de la voiture l\u00e9gendaire des ann\u00e9es 80, elle vise \u00e0 sortir la mobilit\u00e9 \u00e9lectrique de son image de niche et \u00e0 la rendre accessible \u00e0 un large public gr\u00e2ce \u00e0 un design \u00e9motionnel.<\/p>\n\n\n\n<h3 class=\"wp-block-heading\"><strong>Le r\u00e9tro rencontre les technologies de pointe<\/strong><\/h3>\n\n\n\n<p>La Renault 5 E-Tech est bien plus qu'un simple concept-car destin\u00e9 \u00e0 la route. Elle allie intelligemment nostalgie et technologie de pointe, efficacit\u00e9 et caract\u00e8re unique. Elle constitue ainsi un \u00e9l\u00e9ment important de l'offensive \u00e9lectrique de Renault et pourrait devenir la nouvelle voiture urbaine embl\u00e9matique de l'\u00e8re \u00e9lectrique \u2013 une v\u00e9ritable r\u00e9volution qui vous donnera le sourire.<\/p>\n\n\n\n<div class=\"wp-block-columns is-layout-flex wp-container-core-columns-is-layout-28f84493 wp-block-columns-is-layout-flex\">\n<div class=\"wp-block-column is-layout-flow wp-block-column-is-layout-flow\" style=\"flex-basis:25%\"><\/div>\n\n\n\n<div class=\"wp-block-column is-layout-flow wp-block-column-is-layout-flow\" style=\"flex-basis:50%\">\n<figure class=\"wp-block-image size-full\"><img loading=\"lazy\" decoding=\"async\" width=\"1024\" height=\"650\" src=\"https:\/\/wir-kaufen-dein-auto-schweiz.ch\/wp-content\/\/uploads\/2026\/01\/RENAULT-5-e-tech-electric-IMG_5979.jpg\" alt=\"RENAULT 5-e-tech electric\" class=\"wp-image-4410\" srcset=\"https:\/\/wir-kaufen-dein-auto-schweiz.ch\/wp-content\/\/uploads\/2026\/01\/RENAULT-5-e-tech-electric-IMG_5979.jpg 1024w, https:\/\/wir-kaufen-dein-auto-schweiz.ch\/wp-content\/\/uploads\/2026\/01\/RENAULT-5-e-tech-electric-IMG_5979-300x190.jpg 300w, https:\/\/wir-kaufen-dein-auto-schweiz.ch\/wp-content\/\/uploads\/2026\/01\/RENAULT-5-e-tech-electric-IMG_5979-768x488.jpg 768w, https:\/\/wir-kaufen-dein-auto-schweiz.ch\/wp-content\/\/uploads\/2026\/01\/RENAULT-5-e-tech-electric-IMG_5979-18x12.jpg 18w\" sizes=\"(max-width: 1024px) 100vw, 1024px\" \/><\/figure>\n<\/div>\n\n\n\n<div class=\"wp-block-column is-layout-flow wp-block-column-is-layout-flow\" style=\"flex-basis:25%\"><\/div>\n<\/div>\n\n\n\n<div style=\"height:40px\" aria-hidden=\"true\" class=\"wp-block-spacer\"><\/div>\n\n\n\n<p><\/p>","protected":false},"excerpt":{"rendered":"<p>La Renault 5 E-Tech \u2013 un classique moderne au c\u0153ur \u00e9lectrique. Le retour d'une l\u00e9gende \u2013 avec la Renault 5 E-Tech, le constructeur fran\u00e7ais r\u00e9ussit un chef-d'\u0153uvre en mati\u00e8re de design \u00e9motionnel et d'\u00e9lectrification strat\u00e9gique. Plus qu'une simple voiture r\u00e9tro, elle incarne une mobilit\u00e9 urbaine accessible, charmante et durable [\u2026]<\/p>","protected":false},"author":4,"featured_media":4404,"comment_status":"closed","ping_status":"closed","sticky":false,"template":"elementor_theme","format":"standard","meta":{"footnotes":""},"categories":[41],"tags":[],"class_list":["post-4365","post","type-post","status-publish","format-standard","has-post-thumbnail","hentry","category-auto-car"],"_links":{"self":[{"href":"https:\/\/wir-kaufen-dein-auto-schweiz.ch\/fr\/wp-json\/wp\/v2\/posts\/4365","targetHints":{"allow":["GET"]}}],"collection":[{"href":"https:\/\/wir-kaufen-dein-auto-schweiz.ch\/fr\/wp-json\/wp\/v2\/posts"}],"about":[{"href":"https:\/\/wir-kaufen-dein-auto-schweiz.ch\/fr\/wp-json\/wp\/v2\/types\/post"}],"author":[{"embeddable":true,"href":"https:\/\/wir-kaufen-dein-auto-schweiz.ch\/fr\/wp-json\/wp\/v2\/users\/4"}],"replies":[{"embeddable":true,"href":"https:\/\/wir-kaufen-dein-auto-schweiz.ch\/fr\/wp-json\/wp\/v2\/comments?post=4365"}],"version-history":[{"count":16,"href":"https:\/\/wir-kaufen-dein-auto-schweiz.ch\/fr\/wp-json\/wp\/v2\/posts\/4365\/revisions"}],"predecessor-version":[{"id":4419,"href":"https:\/\/wir-kaufen-dein-auto-schweiz.ch\/fr\/wp-json\/wp\/v2\/posts\/4365\/revisions\/4419"}],"wp:featuredmedia":[{"embeddable":true,"href":"https:\/\/wir-kaufen-dein-auto-schweiz.ch\/fr\/wp-json\/wp\/v2\/media\/4404"}],"wp:attachment":[{"href":"https:\/\/wir-kaufen-dein-auto-schweiz.ch\/fr\/wp-json\/wp\/v2\/media?parent=4365"}],"wp:term":[{"taxonomy":"category","embeddable":true,"href":"https:\/\/wir-kaufen-dein-auto-schweiz.ch\/fr\/wp-json\/wp\/v2\/categories?post=4365"},{"taxonomy":"post_tag","embeddable":true,"href":"https:\/\/wir-kaufen-dein-auto-schweiz.ch\/fr\/wp-json\/wp\/v2\/tags?post=4365"}],"curies":[{"name":"wp","href":"https:\/\/api.w.org\/{rel}","templated":true}]}}